{"id":1040,"date":"2014-04-13T08:00:48","date_gmt":"2014-04-13T06:00:48","guid":{"rendered":"http:\/\/www.samskitchen.at\/?p=1040"},"modified":"2017-02-24T08:36:02","modified_gmt":"2017-02-24T07:36:02","slug":"handgeschlagene-kaisersemmeln-nach-dietmar-kappl","status":"publish","type":"post","link":"https:\/\/www.samskitchen.at\/?p=1040","title":{"rendered":"Handgeschlagene Kaisersemmeln (nach Dietmar Kappl)"},"content":{"rendered":"<p><a href=\"http:\/\/www.samskitchen.at\/?attachment_id=1111#main\" rel=\"attachment wp-att-1111\"><img decoding=\"async\" loading=\"lazy\" class=\"alignnone wp-image-1111 size-medium\" src=\"http:\/\/www.samskitchen.at\/wp-content\/uploads\/2014\/04\/2014-04-21-07.46.48-292x300.jpg\" alt=\"2014-04-21 07.46.48\" width=\"292\" height=\"300\" srcset=\"https:\/\/www.samskitchen.at\/wp-content\/uploads\/2014\/04\/2014-04-21-07.46.48-292x300.jpg 292w, https:\/\/www.samskitchen.at\/wp-content\/uploads\/2014\/04\/2014-04-21-07.46.48-510x522.jpg 510w, https:\/\/www.samskitchen.at\/wp-content\/uploads\/2014\/04\/2014-04-21-07.46.48-530x542.jpg 530w\" sizes=\"(max-width: 292px) 100vw, 292px\" \/><\/a><a href=\"http:\/\/www.samskitchen.at\/?attachment_id=1050#main\" rel=\"attachment wp-att-1050\"><img decoding=\"async\" loading=\"lazy\" class=\"alignnone size-full wp-image-1050\" src=\"http:\/\/www.samskitchen.at\/wp-content\/uploads\/2014\/04\/2014-04-13-07.43.29.jpg\" alt=\"2014-04-13 07.43.29\" width=\"816\" height=\"612\" srcset=\"https:\/\/www.samskitchen.at\/wp-content\/uploads\/2014\/04\/2014-04-13-07.43.29.jpg 816w, https:\/\/www.samskitchen.at\/wp-content\/uploads\/2014\/04\/2014-04-13-07.43.29-300x225.jpg 300w, https:\/\/www.samskitchen.at\/wp-content\/uploads\/2014\/04\/2014-04-13-07.43.29-510x382.jpg 510w, https:\/\/www.samskitchen.at\/wp-content\/uploads\/2014\/04\/2014-04-13-07.43.29-330x247.jpg 330w, https:\/\/www.samskitchen.at\/wp-content\/uploads\/2014\/04\/2014-04-13-07.43.29-530x397.jpg 530w\" sizes=\"(max-width: 816px) 100vw, 816px\" \/><\/a><a href=\"http:\/\/www.samskitchen.at\/?attachment_id=1052#main\" rel=\"attachment wp-att-1052\"><img decoding=\"async\" loading=\"lazy\" class=\"alignnone size-full wp-image-1052\" src=\"http:\/\/www.samskitchen.at\/wp-content\/uploads\/2014\/04\/2014-04-13-07.43.541.jpg\" alt=\"2014-04-13 07.43.54\" width=\"923\" height=\"542\" srcset=\"https:\/\/www.samskitchen.at\/wp-content\/uploads\/2014\/04\/2014-04-13-07.43.541.jpg 923w, https:\/\/www.samskitchen.at\/wp-content\/uploads\/2014\/04\/2014-04-13-07.43.541-300x176.jpg 300w, https:\/\/www.samskitchen.at\/wp-content\/uploads\/2014\/04\/2014-04-13-07.43.541-510x299.jpg 510w, https:\/\/www.samskitchen.at\/wp-content\/uploads\/2014\/04\/2014-04-13-07.43.541-330x193.jpg 330w, https:\/\/www.samskitchen.at\/wp-content\/uploads\/2014\/04\/2014-04-13-07.43.541-530x311.jpg 530w\" sizes=\"(max-width: 923px) 100vw, 923px\" \/><\/a><\/p>\n<p><a href=\"http:\/\/www.samskitchen.at\/?attachment_id=1047#main\" rel=\"attachment wp-att-1047\"><img decoding=\"async\" loading=\"lazy\" class=\"alignnone size-full wp-image-1047\" src=\"http:\/\/www.samskitchen.at\/wp-content\/uploads\/2014\/04\/2014-04-13-07.45.19.jpg\" alt=\"2014-04-13 07.45.19\" width=\"1513\" height=\"1159\" srcset=\"https:\/\/www.samskitchen.at\/wp-content\/uploads\/2014\/04\/2014-04-13-07.45.19.jpg 1513w, https:\/\/www.samskitchen.at\/wp-content\/uploads\/2014\/04\/2014-04-13-07.45.19-300x229.jpg 300w, https:\/\/www.samskitchen.at\/wp-content\/uploads\/2014\/04\/2014-04-13-07.45.19-510x390.jpg 510w, https:\/\/www.samskitchen.at\/wp-content\/uploads\/2014\/04\/2014-04-13-07.45.19-330x252.jpg 330w, https:\/\/www.samskitchen.at\/wp-content\/uploads\/2014\/04\/2014-04-13-07.45.19-530x405.jpg 530w\" sizes=\"(max-width: 1513px) 100vw, 1513px\" \/><\/a><\/p>\n<p>Dieses ist der dritte Versuch der \u00f6sterr. Spezialit\u00e4t der Kaisersemmel. Ich hab mich sch\u00f6n langsam gesteigert, was den Geschmack und die Optik der Semmel anbelangt. Angefangen hab ich mit einem relativ schnellen Rezept, wo die Semmel in ca. zwei Stunden verzehrbar war. Damals war ich begeistert vom Ergebnis &#8211; schon viel besser als die vom Supermarkt oder so manchem B\u00e4cker. Auch an das Handschlagen der Semmel &nbsp;hab ich mich noch nicht gewagt. Ich hab den Stern mit einem Handdr\u00fccker erledigt, war aber nicht so zufrieden. Dann hab ich ein Video \u00fcbers Handschlagen gelesen und es war um mich geschehen, den Handdr\u00fccker hab ich gleich aus der K\u00fcche verbannt. So &#8211; die ersten Handgeschlagenen sahen noch nicht so ansprechend aus. Aber durch viel \u00dcben und \u00dcben gelang mit mit der Zeit schon die eine oder andere ansehnliche Semmel, die es auch verdient Semmel genannt zu werden.<\/p>\n<p>Der n\u00e4chste Schritt war dann die Verbesserung des Geschmacks. In Anlehnung an die Beschreibung der Kaisersemmel der Lebensministeriums gelang mit eine Steigerung des Geschmacks und mit der Zeit gelangen mit auch immer mehr Semmeln. Aber an der gleichm\u00e4ssigen Formgebung arbeite ich noch immer.<\/p>\n<p>Der dritte Schritt ist nun an der Reihe. Und wie sag ich immer? Schau ma mal &#8211; dann werden wir schon sehen.<\/p>\n<p>Diese Semmel sind nichts f\u00fcr Eilige &#8211; die schnell einmal Semmel herstellen m\u00f6chten. So was &nbsp;muss geplant werden. Wer also am Sonntag zum Fr\u00fchst\u00fcck Semmel der besten Kategorie haben m\u00f6chte, sollte am Freitag damit beginnen. Das ist doch Verr\u00fcckt, sagen bestimmt einige unter Euch. Aber wenn ihr das Rezept genau durchlest und dann den echten Zeitaufwand berechnet, so ist diese Methode nicht Zeitaufwendiger als die auf die Schnelle. Lediglich gute Planung und Zeitmanagement sind gefragt. Und am Sonntag in der Fr\u00fch habt k\u00f6nnt ihr die Semmelteiglinge aus dem K\u00fchlschrank nehmen und backen. Und fertig sind die Handgeschlagenen Semmerln.<\/p>\n<p>Und von wem ist das Rezept? Nat\u00fcrlich vom regierenden Vizemeister im Handsemmelschlagen: <a href=\"http:\/\/www.homebaking.at\/handsemmel\/\">Dietmar Kappl<\/a><\/p>\n<p>Auch eine <a href=\"http:\/\/www.homebaking.at\/handsemmel-formen\/\">Videoanleitung f\u00fcrs Handschlagen<\/a> gibt es hier.<\/p>\n<p>Das Handsemmel ist das Meisterst\u00fcck in der Kategorie Kleingeb\u00e4ck. Die Handsemmel ist ein handgewirktes, r\u00f6sches, krustenreiches, sternf\u00f6rmiges Weizenkleingeb\u00e4ck. Zum Wirken mit der Hand wird helles Roggenmehl empfohlen. Die f\u00fcnf Teile der Semmel (Laugen) reisen besser, und der Stern wird sch\u00f6ner.<\/p>\n<p>Nach der Teigruhe wird der Teigling zu einem&nbsp;runden Fleck&nbsp;geklopf, und danach werden die Laugen h\u00e4ndisch geformt. Zum Schluss wird die erste und letzte Lauge fest zusammengepresst.&nbsp;Der Teig wird mit dieser Technik verdichtet,&nbsp;und die Krume wird dadurch saftig und kompakt.<\/p>\n<p>Die geformten Semmel werden mit dem Stern nach unten auf ein Tuch gelegt. Etwas flach dr\u00fccken und zugedeckt herranreifen lassen. Vor dem Backen umdrehen und mit Wasser bespr\u00fchen. Mit reichlich Schwaden bei 250\u00b0C in den Ofen schieben und bei 240\u00b0C r\u00f6sch ausbacken.<\/p>\n<p>Als Vorteig w\u00e4hlte ich den Pate F\u00earment\u00eae, der f\u00fcr mich noch immer am meisten Geschmack erst nach 36 Stunden entwickelt.<\/p>\n<p>Rezept f\u00fcr 15 Handsemmel Stk\/72g<\/p>\n<p><strong>Vorteig:<\/strong><\/p>\n<ul>\n<li>200g Weizenmehl Type 700<\/li>\n<li>&nbsp;130g Wasser<\/li>\n<li>&nbsp;&nbsp;&nbsp;&nbsp; 3g Salz<\/li>\n<li>&nbsp;&nbsp;&nbsp;&nbsp; 2g Hefe<\/li>\n<\/ul>\n<p>Anleitung zum Vorteig siehe&nbsp;<a title=\"P\u00e2te Ferment\u00e9e\" href=\"http:\/\/www.homebaking.at\/pate-fermentee\/\" target=\"_blank\">Pate F\u00earment\u00eae<\/a><\/p>\n<p><strong>Hauptteig:<\/strong><\/p>\n<ul>\n<li>335g reifer Vorteig<\/li>\n<li>460g Weizenmehl Type 700<\/li>\n<li>260g Wasser ca.8\u00b0C<\/li>\n<li>&nbsp;&nbsp; 16g Salz<\/li>\n<li>&nbsp;&nbsp;&nbsp;14g Fl\u00fcssigmalz (man kann auch Honig nehmen)<\/li>\n<li>&nbsp;&nbsp; 12g Hefe<\/li>\n<\/ul>\n<p>Alle Zutaten zu einem glatten Teig kneten. Nach dem Kneten bekommt der Teig eine 30 Minuten Kesselgare.Erst&nbsp;dann wird der Teig zu 72g schweren Teigst\u00fccken ausgewogen und rund geschliffen. Diese Teiglinge zugedeckt weitere 45 Minuten entspannen und reifen lassen.<\/p>\n<p>Nach der eingehaltenen Teigreife werden die Handsemmel geformt (<a title=\"Handsemmel formen\" href=\"http:\/\/www.homebaking.at\/handsemmel-formen\/\" target=\"_blank\">Handsemmel formen<\/a>).<\/p>\n<p>Bei diesem Rezept reiften die geformten Handsemmel bei 4-6\u00b0C f\u00fcr 6 -12 Stunden zugedeckt im K\u00fchlschrank. Am Backtag aus dem K\u00fchlschrank nehmen.Um einen sch\u00f6nen Ausbund zu bekommen, werden die Teiglinge mit 2\/3 Gare in den Ofen mit reichlich Schwaden geschoben. Zarte R\u00f6sche bekommt man, wenn der Schwaden 5 Minuten vor Backende abgelassen wird.<\/p>\n<p>BT: 250\u00b0C fallend 240\u00b0C&nbsp;&nbsp;&nbsp;&nbsp;&nbsp; BZ: 15-16 Minuten<\/p>\n<p>Quelle: Dietmar Kappt &nbsp;<a href=\"http:\/\/www.homebaking.at\/handsemmel\/\" target=\"_blank\">www.homebaking.at<\/a><\/p>\n<p>Eingereicht bei:&nbsp;<a href=\"http:\/\/www.wildyeastblog.com\/category\/yeastspotting\/\">YeastSpotting<\/a><\/p>\n<p><a style=\"line-height: 1.5em;\" href=\"http:\/\/www.samskitchen.at\/?attachment_id=1043#main\" rel=\"attachment wp-att-1043\"><img decoding=\"async\" loading=\"lazy\" class=\"alignnone size-full wp-image-1043\" src=\"http:\/\/www.samskitchen.at\/wp-content\/uploads\/2014\/04\/2014-04-12-22.24.41.jpg\" alt=\"2014-04-12 22.24.41\" width=\"2463\" height=\"1753\" srcset=\"https:\/\/www.samskitchen.at\/wp-content\/uploads\/2014\/04\/2014-04-12-22.24.41.jpg 2463w, https:\/\/www.samskitchen.at\/wp-content\/uploads\/2014\/04\/2014-04-12-22.24.41-300x213.jpg 300w, https:\/\/www.samskitchen.at\/wp-content\/uploads\/2014\/04\/2014-04-12-22.24.41-510x362.jpg 510w, https:\/\/www.samskitchen.at\/wp-content\/uploads\/2014\/04\/2014-04-12-22.24.41-330x234.jpg 330w, https:\/\/www.samskitchen.at\/wp-content\/uploads\/2014\/04\/2014-04-12-22.24.41-530x377.jpg 530w\" sizes=\"(max-width: 2463px) 100vw, 2463px\" \/><\/a><\/p>\n<p><a href=\"http:\/\/www.samskitchen.at\/?attachment_id=1048#main\" rel=\"attachment wp-att-1048\"><img decoding=\"async\" loading=\"lazy\" class=\"alignnone size-full wp-image-1048\" src=\"http:\/\/www.samskitchen.at\/wp-content\/uploads\/2014\/04\/2014-04-13-07.44.04.jpg\" alt=\"2014-04-13 07.44.04\" width=\"1958\" height=\"1469\" srcset=\"https:\/\/www.samskitchen.at\/wp-content\/uploads\/2014\/04\/2014-04-13-07.44.04.jpg 1958w, https:\/\/www.samskitchen.at\/wp-content\/uploads\/2014\/04\/2014-04-13-07.44.04-300x225.jpg 300w, https:\/\/www.samskitchen.at\/wp-content\/uploads\/2014\/04\/2014-04-13-07.44.04-510x382.jpg 510w, https:\/\/www.samskitchen.at\/wp-content\/uploads\/2014\/04\/2014-04-13-07.44.04-330x247.jpg 330w, https:\/\/www.samskitchen.at\/wp-content\/uploads\/2014\/04\/2014-04-13-07.44.04-530x397.jpg 530w\" sizes=\"(max-width: 1958px) 100vw, 1958px\" \/><\/a><\/p>\n","protected":false},"excerpt":{"rendered":"<p>Dieses ist der dritte Versuch der \u00f6sterr. Spezialit\u00e4t der Kaisersemmel. Ich hab mich sch\u00f6n langsam gesteigert, was den Geschmack und die Optik der Semmel anbelangt. Angefangen hab ich mit einem relativ schnellen Rezept, wo die Semmel in ca. zwei Stunden verzehrbar war. Damals war ich begeistert vom Ergebnis &#8211; schon viel besser als die vom Supermarkt oder so manchem B\u00e4cker. &hellip;<\/p>\n","protected":false},"author":1,"featured_media":1108,"comment_status":"open","ping_status":"open","sticky":false,"template":"","format":"standard","meta":{"_mi_skip_tracking":false,"_exactmetrics_sitenote_active":false,"_exactmetrics_sitenote_note":"","_exactmetrics_sitenote_category":0,"ngg_post_thumbnail":0,"jetpack_post_was_ever_published":false,"_jetpack_newsletter_access":"","footnotes":"","jetpack_publicize_message":"","jetpack_is_tweetstorm":false,"jetpack_publicize_feature_enabled":true,"jetpack_social_post_already_shared":true,"jetpack_social_options":{"image_generator_settings":{"template":"highway","enabled":false}}},"categories":[2],"tags":[155,154,93,145,27,110],"jetpack_publicize_connections":[],"jetpack_featured_media_url":"https:\/\/www.samskitchen.at\/wp-content\/uploads\/2014\/04\/2014-04-21-07.49.40.jpg","jetpack_sharing_enabled":true,"jetpack_shortlink":"https:\/\/wp.me\/p41IW0-gM","_links":{"self":[{"href":"https:\/\/www.samskitchen.at\/index.php?rest_route=\/wp\/v2\/posts\/1040"}],"collection":[{"href":"https:\/\/www.samskitchen.at\/index.php?rest_route=\/wp\/v2\/posts"}],"about":[{"href":"https:\/\/www.samskitchen.at\/index.php?rest_route=\/wp\/v2\/types\/post"}],"author":[{"embeddable":true,"href":"https:\/\/www.samskitchen.at\/index.php?rest_route=\/wp\/v2\/users\/1"}],"replies":[{"embeddable":true,"href":"https:\/\/www.samskitchen.at\/index.php?rest_route=%2Fwp%2Fv2%2Fcomments&post=1040"}],"version-history":[{"count":12,"href":"https:\/\/www.samskitchen.at\/index.php?rest_route=\/wp\/v2\/posts\/1040\/revisions"}],"predecessor-version":[{"id":2935,"href":"https:\/\/www.samskitchen.at\/index.php?rest_route=\/wp\/v2\/posts\/1040\/revisions\/2935"}],"wp:featuredmedia":[{"embeddable":true,"href":"https:\/\/www.samskitchen.at\/index.php?rest_route=\/wp\/v2\/media\/1108"}],"wp:attachment":[{"href":"https:\/\/www.samskitchen.at\/index.php?rest_route=%2Fwp%2Fv2%2Fmedia&parent=1040"}],"wp:term":[{"taxonomy":"category","embeddable":true,"href":"https:\/\/www.samskitchen.at\/index.php?rest_route=%2Fwp%2Fv2%2Fcategories&post=1040"},{"taxonomy":"post_tag","embeddable":true,"href":"https:\/\/www.samskitchen.at\/index.php?rest_route=%2Fwp%2Fv2%2Ftags&post=1040"}],"curies":[{"name":"wp","href":"https:\/\/api.w.org\/{rel}","templated":true}]}}