{"id":1011,"date":"2014-04-07T13:21:48","date_gmt":"2014-04-07T11:21:48","guid":{"rendered":"http:\/\/www.samskitchen.at\/?p=1011"},"modified":"2014-04-08T20:39:28","modified_gmt":"2014-04-08T18:39:28","slug":"daktyla-griechisches-fingerbrot","status":"publish","type":"post","link":"https:\/\/www.samskitchen.at\/?p=1011","title":{"rendered":"Daktyla (griechisches Fingerbrot)"},"content":{"rendered":"<p><a href=\"http:\/\/www.samskitchen.at\/?attachment_id=1023#main\" rel=\"attachment wp-att-1023\"><img decoding=\"async\" loading=\"lazy\" class=\"alignnone size-full wp-image-1023\" alt=\"2014-04-07 11.07.36\" src=\"http:\/\/www.samskitchen.at\/wp-content\/uploads\/2014\/04\/2014-04-07-11.07.36.jpg\" width=\"2285\" height=\"1714\" srcset=\"https:\/\/www.samskitchen.at\/wp-content\/uploads\/2014\/04\/2014-04-07-11.07.36.jpg 2285w, https:\/\/www.samskitchen.at\/wp-content\/uploads\/2014\/04\/2014-04-07-11.07.36-300x225.jpg 300w, https:\/\/www.samskitchen.at\/wp-content\/uploads\/2014\/04\/2014-04-07-11.07.36-510x382.jpg 510w, https:\/\/www.samskitchen.at\/wp-content\/uploads\/2014\/04\/2014-04-07-11.07.36-330x247.jpg 330w, https:\/\/www.samskitchen.at\/wp-content\/uploads\/2014\/04\/2014-04-07-11.07.36-530x397.jpg 530w\" sizes=\"(max-width: 2285px) 100vw, 2285px\" \/><\/a><\/p>\n<p>Ich wollte schon l\u00e4ngst wieder einmal ein griechisches Brot backen. Vor ca. zwei Jahren, also am Anfang meiner Backversuche, hab ich das Daktyla versucht zu backen. Es war ein relativ einfaches Rezept &#8211; schnell und mit viel Hefe. Ich habe dieses Rezept ein wenig abge\u00e4ndert. Einen Vorteig eingebaut und die Hefemenge radikal reduziert. Als Hartweizenmehl hab ich &#8222;Semola di Grano duro rimacinata&#8220; genommen. Dieses Brot ist mit unseren &#8222;Stegerln&#8220; oder auch &#8222;Reihensemmeln&#8220; optisch vergleichbar. Der Geschmack ist aber durch den kleinen Anteil Roggenmehl voller, rustikaler und schmeckt nach Urlaub. Der Geruch alleine versetzt einen schon in eine typische griechische B\u00e4ckerei.<\/p>\n<p><b>Polish: TA 200<\/b><\/p>\n<p>125g Weizenmehl T550<br \/>\n125g Wasser<br \/>\n0,3 g Hefe (etwa erbsengro\u00df)<\/p>\n<p>Vermischen und bei Raumtemperatur\u00a0 12 Stunden reifen lassen.<\/p>\n<p><b>Hauptteig:<\/b><\/p>\n<p>250g Polish<br \/>\n75g Roggenmehl (Vollkorn)<br \/>\n800g Hartweizenmehl<br \/>\n525g Wasser<br \/>\n22g Salz<br \/>\n2 TL Honig<br \/>\n2 EL Oliven\u00f6l<br \/>\n6g Frischhefe<\/p>\n<p>Sesam zum Bestreuen<\/p>\n<p>&nbsp;<\/p>\n<p>Alle Zutaten au\u00dfer Salz und Hefe in der Sch\u00fcssel vermischen, bis das Mehl gel\u00f6st ist. 30 Minuten ruhen lassen. Salz und Hefe zugeben und ca. 2-3 Minuten langsam einkneten bis sich ein glatter Teig gebildet hat. Den Teig in einer Sch\u00fcssel zugedeckt ca.2 Stunden gehen lassen.\u2028 Zwischendurch zweimal kr\u00e4ftig aussto\u00dfen.<\/p>\n<p>Teigst\u00fccke zu je 100g auswiegen und rund schleifen. 20 Minuten entspannen lassen. Dann die Teigkugeln l\u00e4nglich formen und im B\u00e4ckerleinen ca 30 min. gehen und anschlie\u00dfend mit Besam bestreuen. Zwei Reihen zu je 8 Teiglingen dicht aneinander \u00a0auf ein Backblech auflegen<span style=\"line-height: 1.5em;\">. Den Bachofen auf 240 Grad aufheizen. Mit Schwaden einschiessen. Von 240 Grad fallend auf 200 Grad nicht zu dunkel ausbacken. Den Schwaden nach ca. 10 Minuten ablassen.\u00a0<\/span><\/p>\n<p><a href=\"http:\/\/www.samskitchen.at\/?attachment_id=1016#main\" rel=\"attachment wp-att-1016\"><img decoding=\"async\" loading=\"lazy\" class=\"alignnone  wp-image-1016\" alt=\"2014-04-07 09.36.40\" src=\"http:\/\/www.samskitchen.at\/wp-content\/uploads\/2014\/04\/2014-04-07-09.36.40-300x224.jpg\" width=\"180\" height=\"134\" srcset=\"https:\/\/www.samskitchen.at\/wp-content\/uploads\/2014\/04\/2014-04-07-09.36.40-300x224.jpg 300w, https:\/\/www.samskitchen.at\/wp-content\/uploads\/2014\/04\/2014-04-07-09.36.40-510x382.jpg 510w, https:\/\/www.samskitchen.at\/wp-content\/uploads\/2014\/04\/2014-04-07-09.36.40-330x247.jpg 330w, https:\/\/www.samskitchen.at\/wp-content\/uploads\/2014\/04\/2014-04-07-09.36.40-530x397.jpg 530w\" sizes=\"(max-width: 180px) 100vw, 180px\" \/><\/a><a style=\"line-height: 1.5em;\" href=\"http:\/\/www.samskitchen.at\/?attachment_id=1018#main\" rel=\"attachment wp-att-1018\"><img decoding=\"async\" loading=\"lazy\" class=\"alignnone  wp-image-1018\" alt=\"2014-04-07 09.58.35\" src=\"http:\/\/www.samskitchen.at\/wp-content\/uploads\/2014\/04\/2014-04-07-09.58.35-300x224.jpg\" width=\"180\" height=\"134\" srcset=\"https:\/\/www.samskitchen.at\/wp-content\/uploads\/2014\/04\/2014-04-07-09.58.35-300x224.jpg 300w, https:\/\/www.samskitchen.at\/wp-content\/uploads\/2014\/04\/2014-04-07-09.58.35-510x382.jpg 510w, https:\/\/www.samskitchen.at\/wp-content\/uploads\/2014\/04\/2014-04-07-09.58.35-330x247.jpg 330w, https:\/\/www.samskitchen.at\/wp-content\/uploads\/2014\/04\/2014-04-07-09.58.35-530x397.jpg 530w\" sizes=\"(max-width: 180px) 100vw, 180px\" \/><\/a><img decoding=\"async\" loading=\"lazy\" style=\"line-height: 1.5em;\" alt=\"2014-04-07 11.07.43\" src=\"http:\/\/www.samskitchen.at\/wp-content\/uploads\/2014\/04\/2014-04-07-11.07.43-300x224.jpg\" width=\"300\" height=\"224\" \/><\/p>\n<p><a href=\"http:\/\/www.samskitchen.at\/?attachment_id=1024#main\" rel=\"attachment wp-att-1024\"><img decoding=\"async\" loading=\"lazy\" alt=\"2014-04-07 13.04.33\" src=\"http:\/\/www.samskitchen.at\/wp-content\/uploads\/2014\/04\/2014-04-07-13.04.33-300x224.jpg\" width=\"300\" height=\"224\" \/><\/a><\/p>\n","protected":false},"excerpt":{"rendered":"<p>Ich wollte schon l\u00e4ngst wieder einmal ein griechisches Brot backen. Vor ca. zwei Jahren, also am Anfang meiner Backversuche, hab ich das Daktyla versucht zu backen. Es war ein relativ einfaches Rezept &#8211; schnell und mit viel Hefe. Ich habe dieses Rezept ein wenig abge\u00e4ndert. Einen Vorteig eingebaut und die Hefemenge radikal reduziert. Als Hartweizenmehl hab ich &#8222;Semola di Grano &hellip;<\/p>\n","protected":false},"author":1,"featured_media":1023,"comment_status":"open","ping_status":"open","sticky":false,"template":"","format":"standard","meta":{"_mi_skip_tracking":false,"_exactmetrics_sitenote_active":false,"_exactmetrics_sitenote_note":"","_exactmetrics_sitenote_category":0,"ngg_post_thumbnail":0,"jetpack_post_was_ever_published":false,"_jetpack_newsletter_access":"","footnotes":"","jetpack_publicize_message":"","jetpack_is_tweetstorm":false,"jetpack_publicize_feature_enabled":true,"jetpack_social_post_already_shared":true,"jetpack_social_options":{"image_generator_settings":{"template":"highway","enabled":false}}},"categories":[2],"tags":[156,15,157,111,158,142],"jetpack_publicize_connections":[],"jetpack_featured_media_url":"https:\/\/www.samskitchen.at\/wp-content\/uploads\/2014\/04\/2014-04-07-11.07.36.jpg","jetpack_sharing_enabled":true,"jetpack_shortlink":"https:\/\/wp.me\/p41IW0-gj","_links":{"self":[{"href":"https:\/\/www.samskitchen.at\/index.php?rest_route=\/wp\/v2\/posts\/1011"}],"collection":[{"href":"https:\/\/www.samskitchen.at\/index.php?rest_route=\/wp\/v2\/posts"}],"about":[{"href":"https:\/\/www.samskitchen.at\/index.php?rest_route=\/wp\/v2\/types\/post"}],"author":[{"embeddable":true,"href":"https:\/\/www.samskitchen.at\/index.php?rest_route=\/wp\/v2\/users\/1"}],"replies":[{"embeddable":true,"href":"https:\/\/www.samskitchen.at\/index.php?rest_route=%2Fwp%2Fv2%2Fcomments&post=1011"}],"version-history":[{"count":12,"href":"https:\/\/www.samskitchen.at\/index.php?rest_route=\/wp\/v2\/posts\/1011\/revisions"}],"predecessor-version":[{"id":1028,"href":"https:\/\/www.samskitchen.at\/index.php?rest_route=\/wp\/v2\/posts\/1011\/revisions\/1028"}],"wp:featuredmedia":[{"embeddable":true,"href":"https:\/\/www.samskitchen.at\/index.php?rest_route=\/wp\/v2\/media\/1023"}],"wp:attachment":[{"href":"https:\/\/www.samskitchen.at\/index.php?rest_route=%2Fwp%2Fv2%2Fmedia&parent=1011"}],"wp:term":[{"taxonomy":"category","embeddable":true,"href":"https:\/\/www.samskitchen.at\/index.php?rest_route=%2Fwp%2Fv2%2Fcategories&post=1011"},{"taxonomy":"post_tag","embeddable":true,"href":"https:\/\/www.samskitchen.at\/index.php?rest_route=%2Fwp%2Fv2%2Ftags&post=1011"}],"curies":[{"name":"wp","href":"https:\/\/api.w.org\/{rel}","templated":true}]}}